{"id":481,"date":"2019-01-03T22:25:33","date_gmt":"2019-01-03T21:25:33","guid":{"rendered":"https:\/\/saintecoiffedecahors.com\/?p=481"},"modified":"2020-03-26T16:58:29","modified_gmt":"2020-03-26T15:58:29","slug":"quelques-dates","status":"publish","type":"post","link":"https:\/\/saintecoiffedecahors.com\/index.php\/2019\/01\/03\/quelques-dates\/","title":{"rendered":"Quelques dates"},"content":{"rendered":"<p>[et_pb_section fb_built=\u00a0\u00bb1&Prime; fullwidth=\u00a0\u00bbon\u00a0\u00bb _builder_version=\u00a0\u00bb3.6&Prime;][et_pb_fullwidth_post_title meta=\u00a0\u00bboff\u00a0\u00bb text_color=\u00a0\u00bblight\u00a0\u00bb text_background=\u00a0\u00bbon\u00a0\u00bb text_bg_color=\u00a0\u00bbrgba(0,0,0,0)\u00a0\u00bb _builder_version=\u00a0\u00bb3.6&Prime; title_font=\u00a0\u00bb||||||||\u00a0\u00bb title_text_align=\u00a0\u00bbright\u00a0\u00bb title_text_color=\u00a0\u00bb#0c71c3&Prime; title_font_size=\u00a0\u00bb33px\u00a0\u00bb title_line_height=\u00a0\u00bb1.3em\u00a0\u00bb background_image=\u00a0\u00bbhttps:\/\/saintecoiffedecahors.com\/wp-content\/uploads\/2019\/01\/6-13-2.jpg\u00a0\u00bb text_orientation=\u00a0\u00bbright\u00a0\u00bb][\/et_pb_fullwidth_post_title][\/et_pb_section][et_pb_section fb_built=\u00a0\u00bb1&Prime; _builder_version=\u00a0\u00bb3.6&Prime;][\/et_pb_section][et_pb_section fb_built=\u00a0\u00bb1&Prime; _builder_version=\u00a0\u00bb3.6&Prime;][et_pb_row _builder_version=\u00a0\u00bb3.6&Prime;][et_pb_column type=\u00a0\u00bb2_3&Prime; _builder_version=\u00a0\u00bb3.6&Prime; parallax=\u00a0\u00bboff\u00a0\u00bb parallax_method=\u00a0\u00bbon\u00a0\u00bb][et_pb_text _builder_version=\u00a0\u00bb3.6&Prime;]<br \/>\n[\/et_pb_text][et_pb_text _builder_version=\u00a0\u00bb3.6&Prime;]<\/p>\n<h3 style=\"text-align: center;\"><span style=\"color: #0c71c3; font-size: x-large;\">L\u2019arriv\u00e9e de la Sainte Coiffe \u00e0 Cahors<\/span><\/h3>\n<p style=\"text-align: center;\"><strong>\u00a0<\/strong><\/p>\n<p style=\"text-align: center;\"><span style=\"font-size: large;\"><strong>La l\u00e9gende attribuerait \u00e0 Charlemagne en l\u2019an 803, le don de la Sainte Coiffe \u00e0 Ayma (Aymatus), \u00e9v\u00eaque de Cahors.<\/strong><\/span><\/p>\n<p style=\"text-align: center;\"><span style=\"font-size: large;\">Cette l\u00e9gende est repr\u00e9sent\u00e9e sur un tableau conserv\u00e9 dans la chapelle de la Sainte Coiffe et plac\u00e9 tout \u00e0 c\u00f4t\u00e9 du reliquaire.<\/span><\/p>\n<p style=\"text-align: center;\"><span style=\"color: #ff8c00;\"><span style=\"font-size: large;\">Toutefois, la tradition plus v\u00e9ridique en attribue \u00e0 G\u00e9raud de Cardaillac, \u00e9v\u00eaque de Cahors, son apport \u00e0 son retour de voyage en Terre sainte au d\u00e9but du XIIe si\u00e8cle<\/span>.<\/span><\/p>\n<p>[\/et_pb_text][\/et_pb_column][et_pb_column type=\u00a0\u00bb1_3&Prime; _builder_version=\u00a0\u00bb3.6&Prime; parallax=\u00a0\u00bboff\u00a0\u00bb parallax_method=\u00a0\u00bbon\u00a0\u00bb][et_pb_image border_radii=\u00a0\u00bbon|71px|71px|71px|71px\u00a0\u00bb max_width=\u00a0\u00bb87%\u00a0\u00bb src=\u00a0\u00bbhttps:\/\/saintecoiffedecahors.com\/wp-content\/uploads\/2020\/03\/Tableau-cath\u00e9dale-3.jpg\u00a0\u00bb _builder_version=\u00a0\u00bb3.6&Prime; module_alignment=\u00a0\u00bbcenter\u00a0\u00bb][\/et_pb_image][\/et_pb_column][\/et_pb_row][\/et_pb_section][et_pb_section fb_built=\u00a0\u00bb1&Prime; _builder_version=\u00a0\u00bb3.0.47&Prime;][et_pb_row _builder_version=\u00a0\u00bb3.0.48&Prime; background_size=\u00a0\u00bbinitial\u00a0\u00bb background_position=\u00a0\u00bbtop_left\u00a0\u00bb background_repeat=\u00a0\u00bbrepeat\u00a0\u00bb][et_pb_column type=\u00a0\u00bb4_4&Prime; _builder_version=\u00a0\u00bb3.0.47&Prime; parallax=\u00a0\u00bboff\u00a0\u00bb parallax_method=\u00a0\u00bbon\u00a0\u00bb][et_pb_text _builder_version=\u00a0\u00bb3.6&Prime; background_size=\u00a0\u00bbinitial\u00a0\u00bb background_position=\u00a0\u00bbtop_left\u00a0\u00bb background_repeat=\u00a0\u00bbrepeat\u00a0\u00bb]<\/p>\n<p><span style=\"color: #0c71c3; font-size: x-large;\">La v\u00e9n\u00e9ration de la Sainte Coiffe au cours des si\u00e8cles<\/span><\/p>\n<p>&nbsp;<\/p>\n<p><span style=\"font-size: medium;\"><span style=\"color: #ff8c00; font-size: large;\"><strong>1119\u00a0: <\/strong><\/span>le Pape Calixte II consacre l\u2019autel majeur de la cath\u00e9drale de Cahors.<\/span><span style=\"font-size: medium;\"><br \/> <\/span><span style=\"font-size: medium;\"><\/span><\/p>\n<p><span style=\"font-size: medium;\"><span style=\"color: #ff8c00; font-size: large;\"><strong>1408\u00a0:<\/strong><\/span> \u00a0premier synode de l\u2019\u00e9v\u00eaque de Cahors Guillaume d\u2019Arpajon. A cette occasion est organis\u00e9e une procession au cours de laquelle la Sainte Coiffe est particuli\u00e8rement honor\u00e9e.<\/span><\/p>\n<p><span style=\"font-size: medium;\"><span style=\"font-size: large; color: #ff8c00;\"><strong>1482\u00a0:<\/strong> <\/span>la peste ravage le Quercy. La Coiffe est port\u00e9e en procession \u00e0 travers les rues et les places publiques. Tout Cahors est r\u00e9uni suppliant Dieu d\u2019\u00e9pargner la cit\u00e9\u00a0: l\u2019\u00e9v\u00eaque, le chapitre, le clerg\u00e9, les consuls et les magistrats, les corporations, les gens de guerre, le peuple. La ville est \u00e9pargn\u00e9e.<\/span><\/p>\n<p><span style=\"font-size: medium;\"><span style=\"color: #ff8c00; font-size: large;\"><strong>22 janvier 1487\u00a0:<\/strong> <\/span>par une bulle scell\u00e9e par dix cardinaux, le Pape Innocent VIII accorde des indulgences aux personnes qui visitent la chapelle de la Sainte Coiffe<strong>\u00a0<\/strong><\/span><\/p>\n<p><span style=\"font-size: medium;\"><span style=\"color: #ff8c00; font-size: large;\"><strong>Ao\u00fbt 1634\u00a0:<\/strong><\/span> quatre notables visitent le ch\u00e2teau de Cennevi\u00e8res (dans le Lot) et identifient fortuitement l&rsquo;ancien autel de la Coiffe avec l&rsquo;inscription\u00a0:\u00a0\u00ab\u00a0Le souverain Pontife Calixte II a consacr\u00e9 l&rsquo;autel du Suaire de la t\u00eate du Christ l&rsquo;an 1119, le six des calendes d&rsquo;ao\u00fbt.\u00a0\u00bb<\/span><\/p>\n<p><span style=\"font-size: medium;\"><span style=\"font-size: large; color: #ff8c00;\"><strong>1652 :<\/strong> <\/span>la peste atteint Cahors. Alain de Solminihac, \u00e9v\u00eaque de la ville, ordonne que la Sainte Coiffe soit port\u00e9e en procession.<\/span><\/p>\n<p><span style=\"font-size: medium;\"><span style=\"color: #ff8c00; font-size: large;\"><strong>1715\u00a0:<\/strong><\/span> une messe de la Coiffe se trouve dans le br\u00e9viaire romano-cadurcien publi\u00e9 par l\u2019\u00e9v\u00eaque Monseigneur Henri de Briqueville de la Luzerne. Ce br\u00e9viaire indique\u00a0:\u00a0\u00ab\u00a0Le Suaire, mis sur la t\u00eate de Notre-Seigneur, est tr\u00e8s religieusement v\u00e9n\u00e9r\u00e9 depuis plusieurs si\u00e8cles dans l&rsquo;\u00e9glise de Cahors, qui le tient, d&rsquo;apr\u00e8s la tradition, du tr\u00e8s pieux empereur Charlemagne\u00a0\u00bb. Cet office se retrouvera \u00e9galement dans les br\u00e9viaires de 1746 et 1760 par l\u2019\u00e9v\u00eaque Bertrand du Guesclin.<\/span><\/p>\n<p><span style=\"font-size: medium;\"><span style=\"font-size: large; color: #ff8c00;\"><strong>1791<\/strong>\u00a0:<\/span> Mgr D\u2019Anglars, \u00e9v\u00eaque de Cahors, cache la Sainte Coiffe en lieu s\u00fbr. Elle est restitu\u00e9e \u00e0 la cath\u00e9drale en 1801.<\/span><\/p>\n<p><span style=\"font-size: medium;\"><span style=\"color: #ff8c00; font-size: large;\"><strong>1825<\/strong>\u00a0:<\/span> la Coiffe est replac\u00e9e avec honneur dans une ch\u00e2sse plaqu\u00e9e d\u2019argent. Sous la Restauration, M. Solacroup, vicaire g\u00e9n\u00e9ral, fait don d\u2019une ch\u00e2sse. Elle sert aux ostensions de la Coiffe jusqu\u2019en 1899.<\/span><\/p>\n<p><span style=\"font-size: medium;\"><span style=\"color: #ff8c00; font-size: large;\"><strong>22 d\u00e9cembre 1840\u00a0: <\/strong><\/span>le Pape Gr\u00e9goire XVI accorde une indulgence pl\u00e9ni\u00e8re applicable aux d\u00e9funts tous les jours o\u00f9 est c\u00e9l\u00e9br\u00e9e la messe \u00e0 l\u2019autel de la Sainte Coiffe<\/span><\/p>\n<p><span style=\"font-size: medium;\"><span style=\"font-size: large; color: #ff8c00;\"><strong>1872\u00a0:<\/strong> <\/span>Monseigneur Pierre-Alfred Grimardias fait restaurer le ch\u0153ur de la cath\u00e9drale et fait transf\u00e9rer la Coiffe dans la chapelle du milieu de l\u2019abside restaur\u00e9e.<\/span><\/p>\n<p><span style=\"font-size: medium;\"><span style=\"color: #ff8c00; font-size: large;\"><strong>25 juin 1899<\/strong>\u00a0:<\/span> un nouveau reliquaire est inaugur\u00e9 en pr\u00e9sence de Monseigneur Enard, \u00e9v\u00eaque de Cahors, et de Monseigneur D\u00e9nicha, \u00e9v\u00eaque de Tulle. \u00c0 cette occasion l\u2019antique procession de la Coiffe est renouvel\u00e9e dans la vieille cit\u00e9.<\/span><\/p>\n<p><span style=\"font-size: medium;\"><span style=\"font-size: large; color: #ff8c00;\"><strong>1899\u00a0:<\/strong> <\/span>sur ordre de l\u2019\u00e9v\u00eaque du dioc\u00e8se, la Coiffe est port\u00e9e \u00e0 pied sur 60 kilom\u00e8tres, d\u2019\u00e9tape en \u00e9tape et de paroisse en paroisse, au sanctuaire de Rocamadour.<\/span><\/p>\n<p><span style=\"font-size: medium;\"><span style=\"color: #ff8c00; font-size: large;\"><strong>1940\u00a0:<\/strong> <\/span>\u00e0 l&rsquo;initiative de Mgr Paul Chevrier, \u00e9v\u00eaque de Cahors, la Sainte Coiffe est port\u00e9e en procession dans les rues de la ville.<\/span><\/p>\n<p><span style=\"font-size: medium;\"><span style=\"color: #ff8c00;\"><strong>4 octobre 2015\u00a0:<\/strong><\/span> la Sainte Coiffe est expos\u00e9e dans la cath\u00e9drale pour l\u2019ordination de Mgr Camiade.<\/span><\/p>\n<p><span style=\"font-size: medium;\"><span style=\"color: #ff8c00;\"><strong>14 avril &#8211; 8 d\u00e9cembre 2019 :<\/strong> <\/span>jubil\u00e9 des 900 ans de la cath\u00e9drale de Cahors ; la Sainte Coiffe est expos\u00e9e solennellement dans le ch\u0153ur de la cath\u00e9drale. <\/span><\/p>\n<p>[\/et_pb_text][\/et_pb_column][\/et_pb_row][\/et_pb_section][et_pb_section fb_built=\u00a0\u00bb1&Prime; _builder_version=\u00a0\u00bb3.6&Prime;][et_pb_row _builder_version=\u00a0\u00bb3.6&Prime;][et_pb_column type=\u00a0\u00bb1_3&Prime; _builder_version=\u00a0\u00bb3.6&Prime; parallax=\u00a0\u00bboff\u00a0\u00bb parallax_method=\u00a0\u00bbon\u00a0\u00bb][et_pb_text _builder_version=\u00a0\u00bb3.6&Prime;]<\/p>\n<p><span style=\"font-size: medium;\"><span style=\"color: #ff8c00;\"><strong>14 avril 2019 :<\/strong><\/span> dimanche des Rameaux, ouverture de l&rsquo;ostension solennelle de la Sainte Coiffe dans le choeur de la cath\u00e9drale. Le Pape Fran\u00e7ois b\u00e9nit et encourage les p\u00e8lerins qui viendront la v\u00e9n\u00e9rer.<\/span><\/p>\n<p>[\/et_pb_text][\/et_pb_column][et_pb_column type=\u00a0\u00bb1_3&Prime; _builder_version=\u00a0\u00bb3.6&Prime; parallax=\u00a0\u00bboff\u00a0\u00bb parallax_method=\u00a0\u00bbon\u00a0\u00bb][et_pb_text _builder_version=\u00a0\u00bb3.6&Prime;]<\/p>\n<p><span style=\"font-size: medium;\"><span style=\"color: #ff8c00;\"><strong>27 avril 2019 :<\/strong><\/span> procession publique de la Sainte Coiffe dans les rues du Vieux Cahors. Plus de 3000 p\u00e8lerins y participent.<\/span><\/p>\n<p>[\/et_pb_text][\/et_pb_column][et_pb_column type=\u00a0\u00bb1_3&Prime; _builder_version=\u00a0\u00bb3.6&Prime; parallax=\u00a0\u00bboff\u00a0\u00bb parallax_method=\u00a0\u00bbon\u00a0\u00bb][et_pb_text _builder_version=\u00a0\u00bb3.6&Prime;]<\/p>\n<p><span style=\"font-size: medium;\"><span style=\"color: #ff8c00;\"><strong>Avril-d\u00e9cembre 2019 :<\/strong><\/span> des milliers de p\u00e8lerins venus de toute la France et de nombreux pays \u00e9trangers se succ\u00e8dent de mani\u00e8re interrompue dans la cath\u00e9drale pour d\u00e9couvrir et v\u00e9n\u00e9rer la Sainte Coiffe.<\/span><\/p>\n<p>[\/et_pb_text][\/et_pb_column][\/et_pb_row][\/et_pb_section][et_pb_section fb_built=\u00a0\u00bb1&Prime; _builder_version=\u00a0\u00bb3.6&Prime;][et_pb_row _builder_version=\u00a0\u00bb3.6&Prime; custom_padding=\u00a0\u00bb27px|0px|26px|0px|false|false\u00a0\u00bb][et_pb_column type=\u00a0\u00bb1_3&Prime; _builder_version=\u00a0\u00bb3.6&Prime; parallax=\u00a0\u00bboff\u00a0\u00bb parallax_method=\u00a0\u00bbon\u00a0\u00bb][et_pb_button button_url=\u00a0\u00bbhttps:\/\/saintecoiffedecahors.com\/index.php\/bibliographie\/\u00a0\u00bb button_text=\u00a0\u00bbBibliographie sur la Sainte Coiffe\u00a0\u00bb _builder_version=\u00a0\u00bb3.6&Prime; custom_button=\u00a0\u00bbon\u00a0\u00bb button_text_size=\u00a0\u00bb12px\u00a0\u00bb button_text_color=\u00a0\u00bb#ffffff\u00a0\u00bb button_bg_color=\u00a0\u00bb#0c71c3&Prime; button_border_width=\u00a0\u00bb0px\u00a0\u00bb button_border_radius=\u00a0\u00bb28px\u00a0\u00bb button_font=\u00a0\u00bb||||||||\u00a0\u00bb button_use_icon=\u00a0\u00bboff\u00a0\u00bb][\/et_pb_button][\/et_pb_column][et_pb_column type=\u00a0\u00bb1_3&Prime; _builder_version=\u00a0\u00bb3.6&Prime; parallax=\u00a0\u00bboff\u00a0\u00bb parallax_method=\u00a0\u00bbon\u00a0\u00bb][\/et_pb_column][et_pb_column type=\u00a0\u00bb1_3&Prime; _builder_version=\u00a0\u00bb3.6&Prime; parallax=\u00a0\u00bboff\u00a0\u00bb parallax_method=\u00a0\u00bbon\u00a0\u00bb][\/et_pb_column][\/et_pb_row][\/et_pb_section]<\/p>\n","protected":false},"excerpt":{"rendered":"<p>L\u2019arriv\u00e9e de la Sainte Coiffe \u00e0 Cahors \u00a0 La l\u00e9gende attribuerait \u00e0 Charlemagne en l\u2019an 803, le don de la Sainte Coiffe \u00e0 Ayma (Aymatus), \u00e9v\u00eaque de Cahors. Cette l\u00e9gende est repr\u00e9sent\u00e9e sur un tableau conserv\u00e9 dans la chapelle de la Sainte Coiffe et plac\u00e9 tout \u00e0 c\u00f4t\u00e9 du reliquaire. Toutefois, la tradition plus v\u00e9ridique [&hellip;]<\/p>\n","protected":false},"author":1,"featured_media":0,"comment_status":"closed","ping_status":"open","sticky":false,"template":"","format":"standard","meta":{"_et_pb_use_builder":"on","_et_pb_old_content":"<p><strong>La v\u00e9n\u00e9ration de la relique de la Sainte Coiffe au cours des si\u00e8cles<\/strong><\/p><p><strong>1119\u00a0: <\/strong>le Pape Calixte II, qui tient un concile \u00e0 Toulouse, se rend \u00e0 Cahors et y consacre l\u2019autel de la Coiffe situ\u00e9 dans la chapelle o\u00f9 est gard\u00e9e la relique. Premi\u00e8re mention historique attest\u00e9e de la relique de la Sainte Coiffe.<\/p><p><strong>1239\u00a0:<\/strong> consid\u00e9rant le grand nombre de p\u00e8lerins qui, tous les ans, au retour des f\u00eates de Pentec\u00f4te, arrivaient \u00e0 Cahors pour honorer la Sainte-Coiffe, le chapitre de la cath\u00e9drale d\u00e9cide de distribuer une aum\u00f4ne g\u00e9n\u00e9rale appel\u00e9e dans les actes du treizi\u00e8me si\u00e8cle, la charit\u00e9 de la Pentec\u00f4te.\u00a0\u00bb<\/p><p><strong>1286\u00a0:<\/strong> le corps de Saint Didier, \u00e9v\u00eaque de Cahors du VII<sup>e<\/sup> si\u00e8cle est plac\u00e9 sous l\u2019autel du Saint Suaire dans la cath\u00e9drale.<\/p><p><strong>1408\u00a0:<\/strong> \u00a0premier synode de l\u2019\u00e9v\u00eaque de Cahors (Guillaume d\u2019Arpajon). A cette occasion est organis\u00e9e une procession au cours de laquelle la Sainte Coiffe est particuli\u00e8rement honor\u00e9e<\/p><p><strong>1482\u00a0:<\/strong> la peste ravage le Quercy. La Coiffe est port\u00e9e en procession \u00e0 travers les rues et les places publiques. Tout Cahors est r\u00e9uni suppliant Dieu d\u2019\u00e9pargner la cit\u00e9\u00a0: l\u2019\u00e9v\u00eaque, le chapitre, le clerg\u00e9, les consuls et les magistrats, les corporations, les gens de guerre, le peuple. La ville est \u00e9pargn\u00e9e<\/p><p><strong>22 janvier 1487\u00a0:<\/strong> par une bulle scell\u00e9e par dix cardinaux, le Pape Innocent VIII accorde des indulgences aux personnes qui visitent la chapelle de la Sainte Coiffe<strong>\u00a0<\/strong><\/p><p><strong>Ao\u00fbt 1634\u00a0:<\/strong> quatre notables visitent le ch\u00e2teau de Cennevi\u00e8res (dans le Lot) et identifient fortuitement l'ancien autel de la Coiffe avec l'inscription\u00a0:\u00a0\u00ab\u00a0Le souverain Pontife Calixte II a consacr\u00e9 l'autel du Suaire de la t\u00eate du Christ l'an 1119, le six des calendes d'ao\u00fbt.\u00a0\u00bb<\/p><p><strong>1715\u00a0:<\/strong> une messe de la Coiffe se trouve dans le br\u00e9viaire romano-cadurcien publi\u00e9 par l\u2019\u00e9v\u00eaque Monseigneur Henri de Briqueville de la Luzerne. Ce br\u00e9viaire indique\u00a0:\u00a0\u00ab\u00a0Le Suaire, mis sur la t\u00eate de Notre-Seigneur, est tr\u00e8s religieusement v\u00e9n\u00e9r\u00e9 depuis plusieurs si\u00e8cles dans l'\u00e9glise de Cahors, qui le tient, d'apr\u00e8s la tradition, du tr\u00e8s pieux empereur Charlemagne\u00a0\u00bb. Cet office se retrouvera \u00e9galement dans les br\u00e9viaires de 1746 et 1760 par l\u2019\u00e9v\u00eaque Bertrand du Guesclin<\/p><p><strong>1791<\/strong>\u00a0: Mgr D\u2019Anglars, \u00e9v\u00eaque de Cahors, cache la Sainte Coiffe en lieu s\u00fbr. Elle est restitu\u00e9e \u00e0 la cath\u00e9drale en 1801.<\/p><p><strong>1825<\/strong>\u00a0: la Coiffe est replac\u00e9e avec honneur dans une ch\u00e2sse plaqu\u00e9e d\u2019argent. Sous la Restauration, M. Solacroup, vicaire g\u00e9n\u00e9ral, fait don d\u2019une ch\u00e2sse. Elle sert aux ostensions de la Coiffe jusqu\u2019en 1899.<\/p><p><strong>22 d\u00e9cembre 1840\u00a0: <\/strong>le Pape Gr\u00e9goire XVI accorde une indulgence pl\u00e9ni\u00e8re applicable aux d\u00e9funts tous les jours o\u00f9 est c\u00e9l\u00e9br\u00e9e la messe \u00e0 l\u2019autel de la Sainte Coiffe<\/p><p><strong>1872\u00a0:<\/strong> Monseigneur Pierre-Alfred Grimardias fait restaurer le ch\u0153ur de la cath\u00e9drale et fait transf\u00e9rer la Coiffe dans la chapelle du milieu de l\u2019abside restaur\u00e9e.<\/p><p><strong>25 juin 1899<\/strong>\u00a0: un nouveau reliquaire est inaugur\u00e9 en pr\u00e9sence de Monseigneur Enard, \u00e9v\u00eaque de Cahors, et de Monseigneur D\u00e9nicha, \u00e9v\u00eaque de Tulle. \u00c0 cette occasion l\u2019antique procession de la Coiffe est renouvel\u00e9e dans la vieille cit\u00e9.<\/p><p><strong>1899\u00a0:<\/strong> sur ordre de l\u2019\u00e9v\u00eaque du dioc\u00e8se, la Coiffe est port\u00e9e \u00e0 pied sur 60 kilom\u00e8tres, d\u2019\u00e9tape en \u00e9tape et de paroisse en paroisse, au sanctuaire de Rocamadour.<\/p><p><strong>1940\u00a0:<\/strong> derni\u00e8re procession de la Sainte Coiffe dans les rues de Cahors<\/p><p><strong>4 octobre 2015\u00a0:<\/strong> la Sainte Coiffe est expos\u00e9e dans la cath\u00e9drale pour l\u2019ordination de M<sup>gr<\/sup> Camiade<\/p><p>\u00a0<\/p><p>\u00a0<\/p><p>\u00a0<\/p>","_et_gb_content_width":""},"categories":[1],"tags":[],"_links":{"self":[{"href":"https:\/\/saintecoiffedecahors.com\/index.php\/wp-json\/wp\/v2\/posts\/481"}],"collection":[{"href":"https:\/\/saintecoiffedecahors.com\/index.php\/wp-json\/wp\/v2\/posts"}],"about":[{"href":"https:\/\/saintecoiffedecahors.com\/index.php\/wp-json\/wp\/v2\/types\/post"}],"author":[{"embeddable":true,"href":"https:\/\/saintecoiffedecahors.com\/index.php\/wp-json\/wp\/v2\/users\/1"}],"replies":[{"embeddable":true,"href":"https:\/\/saintecoiffedecahors.com\/index.php\/wp-json\/wp\/v2\/comments?post=481"}],"version-history":[{"count":44,"href":"https:\/\/saintecoiffedecahors.com\/index.php\/wp-json\/wp\/v2\/posts\/481\/revisions"}],"predecessor-version":[{"id":4403,"href":"https:\/\/saintecoiffedecahors.com\/index.php\/wp-json\/wp\/v2\/posts\/481\/revisions\/4403"}],"wp:attachment":[{"href":"https:\/\/saintecoiffedecahors.com\/index.php\/wp-json\/wp\/v2\/media?parent=481"}],"wp:term":[{"taxonomy":"category","embeddable":true,"href":"https:\/\/saintecoiffedecahors.com\/index.php\/wp-json\/wp\/v2\/categories?post=481"},{"taxonomy":"post_tag","embeddable":true,"href":"https:\/\/saintecoiffedecahors.com\/index.php\/wp-json\/wp\/v2\/tags?post=481"}],"curies":[{"name":"wp","href":"https:\/\/api.w.org\/{rel}","templated":true}]}}